{"id":2081,"date":"2023-05-16T17:14:05","date_gmt":"2023-05-16T15:14:05","guid":{"rendered":"https:\/\/www.salzburger-seenland.at\/?p=2081"},"modified":"2023-05-30T09:56:48","modified_gmt":"2023-05-30T07:56:48","slug":"pilgerstation-schleedorf","status":"publish","type":"post","link":"https:\/\/www.salzburger-seenland.at\/en\/pilgrimage\/pilgrimage-station-schleedorf","title":{"rendered":"Schleedorf Pilgrimage Station"},"content":{"rendered":"<div class=\"lazyblock-zweifarbige-uberschrift-2fJvgA wp-block-lazyblock-zweifarbige-uberschrift\"><div class=\"container\">\n  <h2 class=\"duo-heading alignleft\">\n  Pilgrim station \n  <br>\n  <span class=\"after-color\">Schleedorf<\/span>\n<\/h2>\n<div style=\"clear:both;\"><\/div>\n<\/div><\/div>\n\n<div class=\"lazyblock-single-post-slider-Z1TRG86 wp-block-lazyblock-single-post-slider\"><div class=\"sase-block\">\r\n  <div class=\"container\">\r\n\t  <div class=\"flex-grid\">\r\n\t\t<div class=\"flex-text-half\">\r\n\t\t\t<p>The Lebensgarten in the centre of Schleedorf has been a meeting place for the population and guests since 2016.<\/p>\n<p>Schleedorf dialect poet Traudi Huber Rieder finds apt words for \"Go your own way\".<\/p> \r\n\t\t<\/div>\r\n\t\t<div class=\"flex-img-half\">\r\n\t\t  <div class=\"img-slider\">\r\n\t\t\t<div class=\"slick-image\"><img loading=\"lazy\" decoding=\"async\" width=\"800\" height=\"600\" src=\"https:\/\/www.salzburger-seenland.at\/wp-content\/uploads\/2023\/05\/hm_Via_Nova_015_kl-800x600.jpg\" class=\"img-responsive rounded wp-image-2080 b-lazy\" alt=\"\" data-src=\"https:\/\/www.salzburger-seenland.at\/wp-content\/uploads\/2023\/05\/hm_Via_Nova_015_kl-800x600.jpg\" \/><\/div>\t\t\t<div class=\"slick-image\"><img loading=\"lazy\" decoding=\"async\" width=\"800\" height=\"600\" src=\"https:\/\/www.salzburger-seenland.at\/wp-content\/uploads\/2023\/05\/hm_Via_Nova_000_kl-800x600.jpg\" class=\"img-responsive rounded wp-image-2079 b-lazy\" alt=\"\" data-src=\"https:\/\/www.salzburger-seenland.at\/wp-content\/uploads\/2023\/05\/hm_Via_Nova_000_kl-800x600.jpg\" \/><\/div><div class=\"slick-image\"><img loading=\"lazy\" decoding=\"async\" width=\"800\" height=\"600\" src=\"https:\/\/www.salzburger-seenland.at\/wp-content\/uploads\/2023\/05\/hm_Via_Nova_014_kl-800x600.jpg\" class=\"img-responsive rounded wp-image-2078 b-lazy\" alt=\"\" data-src=\"https:\/\/www.salzburger-seenland.at\/wp-content\/uploads\/2023\/05\/hm_Via_Nova_014_kl-800x600.jpg\" \/><\/div><div class=\"slick-image\"><img loading=\"lazy\" decoding=\"async\" width=\"800\" height=\"600\" src=\"https:\/\/www.salzburger-seenland.at\/wp-content\/uploads\/2023\/05\/hm_Via_Nova_018_kl-800x600.jpg\" class=\"img-responsive rounded wp-image-2077 b-lazy\" alt=\"\" data-src=\"https:\/\/www.salzburger-seenland.at\/wp-content\/uploads\/2023\/05\/hm_Via_Nova_018_kl-800x600.jpg\" \/><\/div>\t\t\t<\/div>\r\n\t\t<\/div>\r\n\t  <\/div>\r\n <\/div>\r\n<\/div><\/div>\n\n\n<p>AUDIO GUIDE SCHLEEDORF<\/p>\n\n\n\n<figure class=\"wp-block-audio\"><audio controls src=\"https:\/\/www.salzburger-seenland.at\/wp-content\/uploads\/2023\/05\/005_01_Schleedorf-Lebensgarten.mp3\"><\/audio><\/figure>","protected":false},"excerpt":{"rendered":"<p>The Lebensgarten in the centre of Schleedorf has been a meeting place for the population and guests since 2016.<\/p>\n<p>Schleedorf dialect poet Traudi Huber Rieder finds apt words for \"Go your own way\".<\/p>","protected":false},"author":3,"featured_media":2080,"comment_status":"closed","ping_status":"closed","sticky":false,"template":"","format":"standard","meta":{"footnotes":""},"categories":[15],"tags":[],"class_list":["post-2081","post","type-post","status-publish","format-standard","has-post-thumbnail","hentry","category-pilgerstationen"],"yoast_head":"<!-- This site is optimized with the Yoast SEO plugin v27.5 - https:\/\/yoast.com\/product\/yoast-seo-wordpress\/ -->\n<title>Pilgerstation Schleedorf - Salzburger Seenland<\/title>\n<meta name=\"description\" content=\"Der Lebensgarten im Zentrum von Schleedorf ist seit 2016 Treffpunkt der Bev\u00f6lkerung und G\u00e4ste. Die Schleedorfer Mundartdichterin Traudi Huber Rieder findet treffende Worte f\u00fcr \u201eGeh deinen Weg\u201c.\" \/>\n<meta name=\"robots\" content=\"index, follow, max-snippet:-1, max-image-preview:large, max-video-preview:-1\" \/>\n<link rel=\"canonical\" href=\"https:\/\/www.salzburger-seenland.at\/en\/pilgrimage\/pilgrimage-station-schleedorf\/\" \/>\n<meta property=\"og:locale\" content=\"en_GB\" \/>\n<meta property=\"og:type\" content=\"article\" \/>\n<meta property=\"og:title\" content=\"Pilgerstation Schleedorf - Salzburger Seenland\" \/>\n<meta property=\"og:description\" content=\"Der Lebensgarten im Zentrum von Schleedorf ist seit 2016 Treffpunkt der Bev\u00f6lkerung und G\u00e4ste. Die Schleedorfer Mundartdichterin Traudi Huber Rieder findet treffende Worte f\u00fcr \u201eGeh deinen Weg\u201c.\" \/>\n<meta property=\"og:url\" content=\"https:\/\/www.salzburger-seenland.at\/en\/pilgrimage\/pilgrimage-station-schleedorf\/\" \/>\n<meta property=\"og:site_name\" content=\"Salzburger Seenland\" \/>\n<meta property=\"article:publisher\" content=\"https:\/\/www.facebook.com\/seenland\" \/>\n<meta property=\"article:published_time\" content=\"2023-05-16T15:14:05+00:00\" \/>\n<meta property=\"article:modified_time\" content=\"2023-05-30T07:56:48+00:00\" \/>\n<meta property=\"og:image\" content=\"https:\/\/www.salzburger-seenland.at\/wp-content\/uploads\/2023\/05\/hm_Via_Nova_015_kl.jpg\" \/>\n\t<meta property=\"og:image:width\" content=\"1024\" \/>\n\t<meta property=\"og:image:height\" content=\"683\" \/>\n\t<meta property=\"og:image:type\" content=\"image\/jpeg\" \/>\n<meta name=\"author\" content=\"Johanna Hemetsberger\" \/>\n<meta name=\"twitter:card\" content=\"summary_large_image\" \/>\n<meta name=\"twitter:label1\" content=\"Written by\" \/>\n\t<meta name=\"twitter:data1\" content=\"Johanna Hemetsberger\" \/>\n\t<meta name=\"twitter:label2\" content=\"Estimated reading time\" \/>\n\t<meta name=\"twitter:data2\" content=\"1 minute\" \/>\n<script type=\"application\/ld+json\" class=\"yoast-schema-graph\">{\"@context\":\"https:\\\/\\\/schema.org\",\"@graph\":[{\"@type\":\"Article\",\"@id\":\"https:\\\/\\\/www.salzburger-seenland.at\\\/pilgerstationen\\\/pilgerstation-schleedorf#article\",\"isPartOf\":{\"@id\":\"https:\\\/\\\/www.salzburger-seenland.at\\\/pilgerstationen\\\/pilgerstation-schleedorf\"},\"author\":{\"name\":\"Johanna Hemetsberger\",\"@id\":\"https:\\\/\\\/www.salzburger-seenland.at\\\/#\\\/schema\\\/person\\\/5a88fc98bbcd5f15bde318a7a2b1deca\"},\"headline\":\"Pilgerstation Schleedorf\",\"datePublished\":\"2023-05-16T15:14:05+00:00\",\"dateModified\":\"2023-05-30T07:56:48+00:00\",\"mainEntityOfPage\":{\"@id\":\"https:\\\/\\\/www.salzburger-seenland.at\\\/pilgerstationen\\\/pilgerstation-schleedorf\"},\"wordCount\":5,\"publisher\":{\"@id\":\"https:\\\/\\\/www.salzburger-seenland.at\\\/#organization\"},\"image\":{\"@id\":\"https:\\\/\\\/www.salzburger-seenland.at\\\/pilgerstationen\\\/pilgerstation-schleedorf#primaryimage\"},\"thumbnailUrl\":\"https:\\\/\\\/www.salzburger-seenland.at\\\/wp-content\\\/uploads\\\/2023\\\/05\\\/hm_Via_Nova_015_kl.jpg\",\"articleSection\":[\"Pilgern\"],\"inLanguage\":\"en-GB\"},{\"@type\":\"WebPage\",\"@id\":\"https:\\\/\\\/www.salzburger-seenland.at\\\/pilgerstationen\\\/pilgerstation-schleedorf\",\"url\":\"https:\\\/\\\/www.salzburger-seenland.at\\\/pilgerstationen\\\/pilgerstation-schleedorf\",\"name\":\"Pilgerstation Schleedorf - Salzburger Seenland\",\"isPartOf\":{\"@id\":\"https:\\\/\\\/www.salzburger-seenland.at\\\/#website\"},\"primaryImageOfPage\":{\"@id\":\"https:\\\/\\\/www.salzburger-seenland.at\\\/pilgerstationen\\\/pilgerstation-schleedorf#primaryimage\"},\"image\":{\"@id\":\"https:\\\/\\\/www.salzburger-seenland.at\\\/pilgerstationen\\\/pilgerstation-schleedorf#primaryimage\"},\"thumbnailUrl\":\"https:\\\/\\\/www.salzburger-seenland.at\\\/wp-content\\\/uploads\\\/2023\\\/05\\\/hm_Via_Nova_015_kl.jpg\",\"datePublished\":\"2023-05-16T15:14:05+00:00\",\"dateModified\":\"2023-05-30T07:56:48+00:00\",\"description\":\"Der Lebensgarten im Zentrum von Schleedorf ist seit 2016 Treffpunkt der Bev\u00f6lkerung und G\u00e4ste. Die Schleedorfer Mundartdichterin Traudi Huber Rieder findet treffende Worte f\u00fcr \u201eGeh deinen Weg\u201c.\",\"breadcrumb\":{\"@id\":\"https:\\\/\\\/www.salzburger-seenland.at\\\/pilgerstationen\\\/pilgerstation-schleedorf#breadcrumb\"},\"inLanguage\":\"en-GB\",\"potentialAction\":[{\"@type\":\"ReadAction\",\"target\":[\"https:\\\/\\\/www.salzburger-seenland.at\\\/pilgerstationen\\\/pilgerstation-schleedorf\"]}]},{\"@type\":\"ImageObject\",\"inLanguage\":\"en-GB\",\"@id\":\"https:\\\/\\\/www.salzburger-seenland.at\\\/pilgerstationen\\\/pilgerstation-schleedorf#primaryimage\",\"url\":\"https:\\\/\\\/www.salzburger-seenland.at\\\/wp-content\\\/uploads\\\/2023\\\/05\\\/hm_Via_Nova_015_kl.jpg\",\"contentUrl\":\"https:\\\/\\\/www.salzburger-seenland.at\\\/wp-content\\\/uploads\\\/2023\\\/05\\\/hm_Via_Nova_015_kl.jpg\",\"width\":1024,\"height\":683},{\"@type\":\"BreadcrumbList\",\"@id\":\"https:\\\/\\\/www.salzburger-seenland.at\\\/pilgerstationen\\\/pilgerstation-schleedorf#breadcrumb\",\"itemListElement\":[{\"@type\":\"ListItem\",\"position\":1,\"name\":\"Startseite\",\"item\":\"https:\\\/\\\/www.salzburger-seenland.at\\\/\"},{\"@type\":\"ListItem\",\"position\":2,\"name\":\"Pilgerstation Schleedorf\"}]},{\"@type\":\"WebSite\",\"@id\":\"https:\\\/\\\/www.salzburger-seenland.at\\\/#website\",\"url\":\"https:\\\/\\\/www.salzburger-seenland.at\\\/\",\"name\":\"Salzburger Seenland\",\"description\":\"eintauchen erleben genie\u00dfen\",\"publisher\":{\"@id\":\"https:\\\/\\\/www.salzburger-seenland.at\\\/#organization\"},\"potentialAction\":[{\"@type\":\"SearchAction\",\"target\":{\"@type\":\"EntryPoint\",\"urlTemplate\":\"https:\\\/\\\/www.salzburger-seenland.at\\\/?s={search_term_string}\"},\"query-input\":{\"@type\":\"PropertyValueSpecification\",\"valueRequired\":true,\"valueName\":\"search_term_string\"}}],\"inLanguage\":\"en-GB\"},{\"@type\":\"Organization\",\"@id\":\"https:\\\/\\\/www.salzburger-seenland.at\\\/#organization\",\"name\":\"Seenland Tourismus GmbH\",\"alternateName\":\"Salzburger Seenland\",\"url\":\"https:\\\/\\\/www.salzburger-seenland.at\\\/\",\"logo\":{\"@type\":\"ImageObject\",\"inLanguage\":\"en-GB\",\"@id\":\"https:\\\/\\\/www.salzburger-seenland.at\\\/#\\\/schema\\\/logo\\\/image\\\/\",\"url\":\"https:\\\/\\\/www.salzburger-seenland.at\\\/wp-content\\\/uploads\\\/2023\\\/05\\\/salzburger-seenland_logo_rund_696x696.png\",\"contentUrl\":\"https:\\\/\\\/www.salzburger-seenland.at\\\/wp-content\\\/uploads\\\/2023\\\/05\\\/salzburger-seenland_logo_rund_696x696.png\",\"width\":696,\"height\":696,\"caption\":\"Seenland Tourismus GmbH\"},\"image\":{\"@id\":\"https:\\\/\\\/www.salzburger-seenland.at\\\/#\\\/schema\\\/logo\\\/image\\\/\"},\"sameAs\":[\"https:\\\/\\\/www.facebook.com\\\/seenland\",\"https:\\\/\\\/www.instagram.com\\\/salzburgerseenland\\\/\",\"https:\\\/\\\/www.youtube.com\\\/channel\\\/UCVEHCdkLG4WY7KMq8fS1XnQ\"]},{\"@type\":\"Person\",\"@id\":\"https:\\\/\\\/www.salzburger-seenland.at\\\/#\\\/schema\\\/person\\\/5a88fc98bbcd5f15bde318a7a2b1deca\",\"name\":\"Johanna Hemetsberger\"}]}<\/script>\n<!-- \/ Yoast SEO plugin. -->","yoast_head_json":{"title":"Schleedorf Pilgrimage Station - Salzburg Seenland","description":"The Lebensgarten in the centre of Schleedorf has been a meeting place for the population and guests since 2016. Schleedorf dialect poet Traudi Huber Rieder finds apt words for \"Go your way\".","robots":{"index":"index","follow":"follow","max-snippet":"max-snippet:-1","max-image-preview":"max-image-preview:large","max-video-preview":"max-video-preview:-1"},"canonical":"https:\/\/www.salzburger-seenland.at\/en\/pilgrimage\/pilgrimage-station-schleedorf\/","og_locale":"en_GB","og_type":"article","og_title":"Pilgerstation Schleedorf - Salzburger Seenland","og_description":"Der Lebensgarten im Zentrum von Schleedorf ist seit 2016 Treffpunkt der Bev\u00f6lkerung und G\u00e4ste. Die Schleedorfer Mundartdichterin Traudi Huber Rieder findet treffende Worte f\u00fcr \u201eGeh deinen Weg\u201c.","og_url":"https:\/\/www.salzburger-seenland.at\/en\/pilgrimage\/pilgrimage-station-schleedorf\/","og_site_name":"Salzburger Seenland","article_publisher":"https:\/\/www.facebook.com\/seenland","article_published_time":"2023-05-16T15:14:05+00:00","article_modified_time":"2023-05-30T07:56:48+00:00","og_image":[{"width":1024,"height":683,"url":"https:\/\/www.salzburger-seenland.at\/wp-content\/uploads\/2023\/05\/hm_Via_Nova_015_kl.jpg","type":"image\/jpeg"}],"author":"Johanna Hemetsberger","twitter_card":"summary_large_image","twitter_misc":{"Written by":"Johanna Hemetsberger","Estimated reading time":"1 minute"},"schema":{"@context":"https:\/\/schema.org","@graph":[{"@type":"Article","@id":"https:\/\/www.salzburger-seenland.at\/pilgerstationen\/pilgerstation-schleedorf#article","isPartOf":{"@id":"https:\/\/www.salzburger-seenland.at\/pilgerstationen\/pilgerstation-schleedorf"},"author":{"name":"Johanna Hemetsberger","@id":"https:\/\/www.salzburger-seenland.at\/#\/schema\/person\/5a88fc98bbcd5f15bde318a7a2b1deca"},"headline":"Pilgerstation Schleedorf","datePublished":"2023-05-16T15:14:05+00:00","dateModified":"2023-05-30T07:56:48+00:00","mainEntityOfPage":{"@id":"https:\/\/www.salzburger-seenland.at\/pilgerstationen\/pilgerstation-schleedorf"},"wordCount":5,"publisher":{"@id":"https:\/\/www.salzburger-seenland.at\/#organization"},"image":{"@id":"https:\/\/www.salzburger-seenland.at\/pilgerstationen\/pilgerstation-schleedorf#primaryimage"},"thumbnailUrl":"https:\/\/www.salzburger-seenland.at\/wp-content\/uploads\/2023\/05\/hm_Via_Nova_015_kl.jpg","articleSection":["Pilgern"],"inLanguage":"en-GB"},{"@type":"WebPage","@id":"https:\/\/www.salzburger-seenland.at\/pilgerstationen\/pilgerstation-schleedorf","url":"https:\/\/www.salzburger-seenland.at\/pilgerstationen\/pilgerstation-schleedorf","name":"Schleedorf Pilgrimage Station - Salzburg Seenland","isPartOf":{"@id":"https:\/\/www.salzburger-seenland.at\/#website"},"primaryImageOfPage":{"@id":"https:\/\/www.salzburger-seenland.at\/pilgerstationen\/pilgerstation-schleedorf#primaryimage"},"image":{"@id":"https:\/\/www.salzburger-seenland.at\/pilgerstationen\/pilgerstation-schleedorf#primaryimage"},"thumbnailUrl":"https:\/\/www.salzburger-seenland.at\/wp-content\/uploads\/2023\/05\/hm_Via_Nova_015_kl.jpg","datePublished":"2023-05-16T15:14:05+00:00","dateModified":"2023-05-30T07:56:48+00:00","description":"The Lebensgarten in the centre of Schleedorf has been a meeting place for the population and guests since 2016. Schleedorf dialect poet Traudi Huber Rieder finds apt words for \"Go your way\".","breadcrumb":{"@id":"https:\/\/www.salzburger-seenland.at\/pilgerstationen\/pilgerstation-schleedorf#breadcrumb"},"inLanguage":"en-GB","potentialAction":[{"@type":"ReadAction","target":["https:\/\/www.salzburger-seenland.at\/pilgerstationen\/pilgerstation-schleedorf"]}]},{"@type":"ImageObject","inLanguage":"en-GB","@id":"https:\/\/www.salzburger-seenland.at\/pilgerstationen\/pilgerstation-schleedorf#primaryimage","url":"https:\/\/www.salzburger-seenland.at\/wp-content\/uploads\/2023\/05\/hm_Via_Nova_015_kl.jpg","contentUrl":"https:\/\/www.salzburger-seenland.at\/wp-content\/uploads\/2023\/05\/hm_Via_Nova_015_kl.jpg","width":1024,"height":683},{"@type":"BreadcrumbList","@id":"https:\/\/www.salzburger-seenland.at\/pilgerstationen\/pilgerstation-schleedorf#breadcrumb","itemListElement":[{"@type":"ListItem","position":1,"name":"Startseite","item":"https:\/\/www.salzburger-seenland.at\/"},{"@type":"ListItem","position":2,"name":"Pilgerstation Schleedorf"}]},{"@type":"WebSite","@id":"https:\/\/www.salzburger-seenland.at\/#website","url":"https:\/\/www.salzburger-seenland.at\/","name":"Salzburg Seenland","description":"immerse experience enjoy","publisher":{"@id":"https:\/\/www.salzburger-seenland.at\/#organization"},"potentialAction":[{"@type":"SearchAction","target":{"@type":"EntryPoint","urlTemplate":"https:\/\/www.salzburger-seenland.at\/?s={search_term_string}"},"query-input":{"@type":"PropertyValueSpecification","valueRequired":true,"valueName":"search_term_string"}}],"inLanguage":"en-GB"},{"@type":"Organization","@id":"https:\/\/www.salzburger-seenland.at\/#organization","name":"Seenland Tourism Ltd.","alternateName":"Salzburger Seenland","url":"https:\/\/www.salzburger-seenland.at\/","logo":{"@type":"ImageObject","inLanguage":"en-GB","@id":"https:\/\/www.salzburger-seenland.at\/#\/schema\/logo\/image\/","url":"https:\/\/www.salzburger-seenland.at\/wp-content\/uploads\/2023\/05\/salzburger-seenland_logo_rund_696x696.png","contentUrl":"https:\/\/www.salzburger-seenland.at\/wp-content\/uploads\/2023\/05\/salzburger-seenland_logo_rund_696x696.png","width":696,"height":696,"caption":"Seenland Tourismus GmbH"},"image":{"@id":"https:\/\/www.salzburger-seenland.at\/#\/schema\/logo\/image\/"},"sameAs":["https:\/\/www.facebook.com\/seenland","https:\/\/www.instagram.com\/salzburgerseenland\/","https:\/\/www.youtube.com\/channel\/UCVEHCdkLG4WY7KMq8fS1XnQ"]},{"@type":"Person","@id":"https:\/\/www.salzburger-seenland.at\/#\/schema\/person\/5a88fc98bbcd5f15bde318a7a2b1deca","name":"Johanna Hemetsberger"}]}},"_links":{"self":[{"href":"https:\/\/www.salzburger-seenland.at\/en\/wp-json\/wp\/v2\/posts\/2081","targetHints":{"allow":["GET"]}}],"collection":[{"href":"https:\/\/www.salzburger-seenland.at\/en\/wp-json\/wp\/v2\/posts"}],"about":[{"href":"https:\/\/www.salzburger-seenland.at\/en\/wp-json\/wp\/v2\/types\/post"}],"author":[{"embeddable":true,"href":"https:\/\/www.salzburger-seenland.at\/en\/wp-json\/wp\/v2\/users\/3"}],"replies":[{"embeddable":true,"href":"https:\/\/www.salzburger-seenland.at\/en\/wp-json\/wp\/v2\/comments?post=2081"}],"version-history":[{"count":2,"href":"https:\/\/www.salzburger-seenland.at\/en\/wp-json\/wp\/v2\/posts\/2081\/revisions"}],"predecessor-version":[{"id":3283,"href":"https:\/\/www.salzburger-seenland.at\/en\/wp-json\/wp\/v2\/posts\/2081\/revisions\/3283"}],"wp:featuredmedia":[{"embeddable":true,"href":"https:\/\/www.salzburger-seenland.at\/en\/wp-json\/wp\/v2\/media\/2080"}],"wp:attachment":[{"href":"https:\/\/www.salzburger-seenland.at\/en\/wp-json\/wp\/v2\/media?parent=2081"}],"wp:term":[{"taxonomy":"category","embeddable":true,"href":"https:\/\/www.salzburger-seenland.at\/en\/wp-json\/wp\/v2\/categories?post=2081"},{"taxonomy":"post_tag","embeddable":true,"href":"https:\/\/www.salzburger-seenland.at\/en\/wp-json\/wp\/v2\/tags?post=2081"}],"curies":[{"name":"wp","href":"https:\/\/api.w.org\/{rel}","templated":true}]}}