{"id":2844,"date":"2023-05-19T10:46:26","date_gmt":"2023-05-19T08:46:26","guid":{"rendered":"https:\/\/www.salzburger-seenland.at\/?p=2844"},"modified":"2025-04-01T20:30:01","modified_gmt":"2025-04-01T18:30:01","slug":"fahrtraum-fuehrung","status":"publish","type":"post","link":"https:\/\/www.salzburger-seenland.at\/en\/offers\/driving-space-guidance","title":{"rendered":"fahr(T)raum Guidance"},"content":{"rendered":"<div class=\"lazyblock-zweifarbige-uberschrift-ZqrY2g wp-block-lazyblock-zweifarbige-uberschrift\"><div class=\"container\">\n  <h2 class=\"duo-heading alignleft\">\n  fahr(T)raum Mattsee \n  <br>\n  <span class=\"after-color\">Leadership <\/span>\n<\/h2>\n<div style=\"clear:both;\"><\/div>\n<\/div><\/div>\n\n<div class=\"lazyblock-single-post-slider-ZGim8a wp-block-lazyblock-single-post-slider\"><div class=\"sase-block\">\r\n  <div class=\"container\">\r\n\t  <div class=\"flex-grid\">\r\n\t\t<div class=\"flex-text-half\">\r\n\t\t\t<div class=\"text\">\n<p>Exclusive guided tours of the fahr(T)raum open the door to the exciting world of the beginnings of automobile construction and historic aircraft.<\/p>\n<p class=\"bodytext\">Ferdinand Porsche was an incomparable pioneer of his time. His grandson Ernst Pi\u00ebch documents his grandfather's impressive work in the fahr(T)raum world of experience. Automobiles from the period between 1900 and 1938 by the Austrian manufacturers Lohner, Steyr and Austro-Daimler and a collection of tractors from the Allgaier and Porsche production are presented. In the new flight and event hall, the innovative technology of the visionary Ferdinand Porsche is combined with art, culture and entertainment.<\/p>\n<p class=\"bodytext\"><b>Groups from 10 persons<\/b><\/p>\n<p class=\"bodytext\">Adults: EUR 11.00<br \/>Children from 6 - 14 years EUR 5,00<\/p>\n<p class=\"bodytext\">Guided tours for up to 25 people EUR 60.00<\/p>\n<p class=\"bodytext\">Contact:<br \/>+43 6217 59232<br \/><a href=\"mailto:office@fahrtraum.at\">office(at)fahrtraum.at<\/a><br \/><a href=\"https:\/\/www.fahrtraum.at\/?utm_source=salzburger-seenland.at\" target=\"_blank\" rel=\"noopener\">www.fahrtraum.at<\/a><\/p>\n<p class=\"bodytext\">Daily from 10 am - 5 pm<\/p>\n<\/div> \r\n\t\t<\/div>\r\n\t\t<div class=\"flex-img-half\">\r\n\t\t  <div class=\"img-slider\">\r\n\t\t\t<div class=\"slick-image\"><img loading=\"lazy\" decoding=\"async\" width=\"800\" height=\"600\" src=\"https:\/\/www.salzburger-seenland.at\/wp-content\/uploads\/2023\/05\/fahr_T_raum-Busgaeste-ebihara-photography_01-scaled-800x600.jpg\" class=\"img-responsive rounded wp-image-2848 b-lazy\" alt=\"ahr_Traum-Busgaeste-ebihara-photography_01\" srcset=\"https:\/\/www.salzburger-seenland.at\/wp-content\/uploads\/2023\/05\/fahr_T_raum-Busgaeste-ebihara-photography_01-scaled-800x600.jpg 800w, https:\/\/www.salzburger-seenland.at\/wp-content\/uploads\/2023\/05\/fahr_T_raum-Busgaeste-ebihara-photography_01-scaled-16x12.jpg 16w\" sizes=\"auto, (max-width: 800px) 100vw, 800px\" data-src=\"https:\/\/www.salzburger-seenland.at\/wp-content\/uploads\/2023\/05\/fahr_T_raum-Busgaeste-ebihara-photography_01-scaled-800x600.jpg\" \/><\/div>\t\t\t<div class=\"slick-image\"><img loading=\"lazy\" decoding=\"async\" width=\"800\" height=\"600\" src=\"https:\/\/www.salzburger-seenland.at\/wp-content\/uploads\/2023\/05\/SalzburgerSeenland_fahrtraum_Austro-Daimler_Detail3-C-Christian-Maislinger-800x600.jpg\" class=\"img-responsive rounded wp-image-1704 b-lazy\" alt=\"Austro Daimler driving space \u00a9Christian Maislinger\" data-src=\"https:\/\/www.salzburger-seenland.at\/wp-content\/uploads\/2023\/05\/SalzburgerSeenland_fahrtraum_Austro-Daimler_Detail3-C-Christian-Maislinger-800x600.jpg\" \/><\/div><div class=\"slick-image\"><img loading=\"lazy\" decoding=\"async\" width=\"800\" height=\"600\" src=\"https:\/\/www.salzburger-seenland.at\/wp-content\/uploads\/2023\/05\/Mattsee_Flughalle-Cfahrtraum-3-800x600.jpg\" class=\"img-responsive rounded wp-image-1701 b-lazy\" alt=\"New hangar driving area \u00a9Chris Hofer\" data-src=\"https:\/\/www.salzburger-seenland.at\/wp-content\/uploads\/2023\/05\/Mattsee_Flughalle-Cfahrtraum-3-800x600.jpg\" \/><\/div>\t\t\t<\/div>\r\n\t\t<\/div>\r\n\t  <\/div>\r\n <\/div>\r\n<\/div><\/div>","protected":false},"excerpt":{"rendered":"<p>Exclusive guided tours of the fahr(T)raum open the door to the exciting world of the beginnings of automobile construction and historic aircraft.<\/p>\n<p>Ferdinand Porsche was an unrivalled pioneer of his time. His grandson Ernst Pi\u00ebch documents his grandfather's impressive work in the fahr(T)raum world of experience.<\/p>","protected":false},"author":2,"featured_media":2848,"comment_status":"closed","ping_status":"closed","sticky":false,"template":"","format":"standard","meta":{"footnotes":""},"categories":[4],"tags":[],"class_list":["post-2844","post","type-post","status-publish","format-standard","has-post-thumbnail","hentry","category-pauschalen"],"yoast_head":"<!-- This site is optimized with the Yoast SEO plugin v27.4 - https:\/\/yoast.com\/product\/yoast-seo-wordpress\/ -->\n<title>fahr(T)raum F\u00fchrung - Salzburger Seenland<\/title>\n<meta name=\"description\" content=\"Exklusive F\u00fchrungen durch den fahr(T)raum \u00f6ffnen das Tor in die spannende Welt der Anf\u00e4nge des Automobilbaus und historischer Flugzeuge. Ferdinand Porsche war ein unvergleichlicher Pionier seiner Zeit. Sein Enkelsohn Ernst Pi\u00ebch dokumentiert das beeindruckende Schaffen seines Gro\u00dfvaters in der Erlebniswelt fahr(T)raum.\" \/>\n<meta name=\"robots\" content=\"index, follow, max-snippet:-1, max-image-preview:large, max-video-preview:-1\" \/>\n<link rel=\"canonical\" href=\"https:\/\/www.salzburger-seenland.at\/en\/offers\/driving-space-guidance\/\" \/>\n<meta property=\"og:locale\" content=\"en_GB\" \/>\n<meta property=\"og:type\" content=\"article\" \/>\n<meta property=\"og:title\" content=\"fahr(T)raum F\u00fchrung - Salzburger Seenland\" \/>\n<meta property=\"og:description\" content=\"Exklusive F\u00fchrungen durch den fahr(T)raum \u00f6ffnen das Tor in die spannende Welt der Anf\u00e4nge des Automobilbaus und historischer Flugzeuge. Ferdinand Porsche war ein unvergleichlicher Pionier seiner Zeit. Sein Enkelsohn Ernst Pi\u00ebch dokumentiert das beeindruckende Schaffen seines Gro\u00dfvaters in der Erlebniswelt fahr(T)raum.\" \/>\n<meta property=\"og:url\" content=\"https:\/\/www.salzburger-seenland.at\/en\/offers\/driving-space-guidance\/\" \/>\n<meta property=\"og:site_name\" content=\"Salzburger Seenland\" \/>\n<meta property=\"article:publisher\" content=\"https:\/\/www.facebook.com\/seenland\" \/>\n<meta property=\"article:published_time\" content=\"2023-05-19T08:46:26+00:00\" \/>\n<meta property=\"article:modified_time\" content=\"2025-04-01T18:30:01+00:00\" \/>\n<meta property=\"og:image\" content=\"https:\/\/www.salzburger-seenland.at\/wp-content\/uploads\/2023\/05\/fahr_T_raum-Busgaeste-ebihara-photography_01-scaled.jpg\" \/>\n\t<meta property=\"og:image:width\" content=\"2560\" \/>\n\t<meta property=\"og:image:height\" content=\"1906\" \/>\n\t<meta property=\"og:image:type\" content=\"image\/jpeg\" \/>\n<meta name=\"author\" content=\"Manuela Bacher\" \/>\n<meta name=\"twitter:card\" content=\"summary_large_image\" \/>\n<meta name=\"twitter:label1\" content=\"Written by\" \/>\n\t<meta name=\"twitter:data1\" content=\"Manuela Bacher\" \/>\n\t<meta name=\"twitter:label2\" content=\"Estimated reading time\" \/>\n\t<meta name=\"twitter:data2\" content=\"2 minutes\" \/>\n<script type=\"application\/ld+json\" class=\"yoast-schema-graph\">{\"@context\":\"https:\\\/\\\/schema.org\",\"@graph\":[{\"@type\":\"Article\",\"@id\":\"https:\\\/\\\/www.salzburger-seenland.at\\\/pauschalen\\\/fahrtraum-fuehrung#article\",\"isPartOf\":{\"@id\":\"https:\\\/\\\/www.salzburger-seenland.at\\\/pauschalen\\\/fahrtraum-fuehrung\"},\"author\":{\"name\":\"Manuela Bacher\",\"@id\":\"https:\\\/\\\/www.salzburger-seenland.at\\\/#\\\/schema\\\/person\\\/e5992a0bb1e248252101dfc2076f1834\"},\"headline\":\"fahr(T)raum F\u00fchrung\",\"datePublished\":\"2023-05-19T08:46:26+00:00\",\"dateModified\":\"2025-04-01T18:30:01+00:00\",\"mainEntityOfPage\":{\"@id\":\"https:\\\/\\\/www.salzburger-seenland.at\\\/pauschalen\\\/fahrtraum-fuehrung\"},\"wordCount\":5,\"publisher\":{\"@id\":\"https:\\\/\\\/www.salzburger-seenland.at\\\/#organization\"},\"image\":{\"@id\":\"https:\\\/\\\/www.salzburger-seenland.at\\\/pauschalen\\\/fahrtraum-fuehrung#primaryimage\"},\"thumbnailUrl\":\"https:\\\/\\\/www.salzburger-seenland.at\\\/wp-content\\\/uploads\\\/2023\\\/05\\\/fahr_T_raum-Busgaeste-ebihara-photography_01-scaled.jpg\",\"articleSection\":[\"Angebote\"],\"inLanguage\":\"en-GB\"},{\"@type\":\"WebPage\",\"@id\":\"https:\\\/\\\/www.salzburger-seenland.at\\\/pauschalen\\\/fahrtraum-fuehrung\",\"url\":\"https:\\\/\\\/www.salzburger-seenland.at\\\/pauschalen\\\/fahrtraum-fuehrung\",\"name\":\"fahr(T)raum F\u00fchrung - Salzburger Seenland\",\"isPartOf\":{\"@id\":\"https:\\\/\\\/www.salzburger-seenland.at\\\/#website\"},\"primaryImageOfPage\":{\"@id\":\"https:\\\/\\\/www.salzburger-seenland.at\\\/pauschalen\\\/fahrtraum-fuehrung#primaryimage\"},\"image\":{\"@id\":\"https:\\\/\\\/www.salzburger-seenland.at\\\/pauschalen\\\/fahrtraum-fuehrung#primaryimage\"},\"thumbnailUrl\":\"https:\\\/\\\/www.salzburger-seenland.at\\\/wp-content\\\/uploads\\\/2023\\\/05\\\/fahr_T_raum-Busgaeste-ebihara-photography_01-scaled.jpg\",\"datePublished\":\"2023-05-19T08:46:26+00:00\",\"dateModified\":\"2025-04-01T18:30:01+00:00\",\"description\":\"Exklusive F\u00fchrungen durch den fahr(T)raum \u00f6ffnen das Tor in die spannende Welt der Anf\u00e4nge des Automobilbaus und historischer Flugzeuge. Ferdinand Porsche war ein unvergleichlicher Pionier seiner Zeit. Sein Enkelsohn Ernst Pi\u00ebch dokumentiert das beeindruckende Schaffen seines Gro\u00dfvaters in der Erlebniswelt fahr(T)raum.\",\"breadcrumb\":{\"@id\":\"https:\\\/\\\/www.salzburger-seenland.at\\\/pauschalen\\\/fahrtraum-fuehrung#breadcrumb\"},\"inLanguage\":\"en-GB\",\"potentialAction\":[{\"@type\":\"ReadAction\",\"target\":[\"https:\\\/\\\/www.salzburger-seenland.at\\\/pauschalen\\\/fahrtraum-fuehrung\"]}]},{\"@type\":\"ImageObject\",\"inLanguage\":\"en-GB\",\"@id\":\"https:\\\/\\\/www.salzburger-seenland.at\\\/pauschalen\\\/fahrtraum-fuehrung#primaryimage\",\"url\":\"https:\\\/\\\/www.salzburger-seenland.at\\\/wp-content\\\/uploads\\\/2023\\\/05\\\/fahr_T_raum-Busgaeste-ebihara-photography_01-scaled.jpg\",\"contentUrl\":\"https:\\\/\\\/www.salzburger-seenland.at\\\/wp-content\\\/uploads\\\/2023\\\/05\\\/fahr_T_raum-Busgaeste-ebihara-photography_01-scaled.jpg\",\"width\":2560,\"height\":1906,\"caption\":\"ahr_T_raum-Busgaeste-ebihara-photography_01\"},{\"@type\":\"BreadcrumbList\",\"@id\":\"https:\\\/\\\/www.salzburger-seenland.at\\\/pauschalen\\\/fahrtraum-fuehrung#breadcrumb\",\"itemListElement\":[{\"@type\":\"ListItem\",\"position\":1,\"name\":\"Startseite\",\"item\":\"https:\\\/\\\/www.salzburger-seenland.at\\\/\"},{\"@type\":\"ListItem\",\"position\":2,\"name\":\"fahr(T)raum F\u00fchrung\"}]},{\"@type\":\"WebSite\",\"@id\":\"https:\\\/\\\/www.salzburger-seenland.at\\\/#website\",\"url\":\"https:\\\/\\\/www.salzburger-seenland.at\\\/\",\"name\":\"Salzburger Seenland\",\"description\":\"eintauchen erleben genie\u00dfen\",\"publisher\":{\"@id\":\"https:\\\/\\\/www.salzburger-seenland.at\\\/#organization\"},\"potentialAction\":[{\"@type\":\"SearchAction\",\"target\":{\"@type\":\"EntryPoint\",\"urlTemplate\":\"https:\\\/\\\/www.salzburger-seenland.at\\\/?s={search_term_string}\"},\"query-input\":{\"@type\":\"PropertyValueSpecification\",\"valueRequired\":true,\"valueName\":\"search_term_string\"}}],\"inLanguage\":\"en-GB\"},{\"@type\":\"Organization\",\"@id\":\"https:\\\/\\\/www.salzburger-seenland.at\\\/#organization\",\"name\":\"Seenland Tourismus GmbH\",\"alternateName\":\"Salzburger Seenland\",\"url\":\"https:\\\/\\\/www.salzburger-seenland.at\\\/\",\"logo\":{\"@type\":\"ImageObject\",\"inLanguage\":\"en-GB\",\"@id\":\"https:\\\/\\\/www.salzburger-seenland.at\\\/#\\\/schema\\\/logo\\\/image\\\/\",\"url\":\"https:\\\/\\\/www.salzburger-seenland.at\\\/wp-content\\\/uploads\\\/2023\\\/05\\\/salzburger-seenland_logo_rund_696x696.png\",\"contentUrl\":\"https:\\\/\\\/www.salzburger-seenland.at\\\/wp-content\\\/uploads\\\/2023\\\/05\\\/salzburger-seenland_logo_rund_696x696.png\",\"width\":696,\"height\":696,\"caption\":\"Seenland Tourismus GmbH\"},\"image\":{\"@id\":\"https:\\\/\\\/www.salzburger-seenland.at\\\/#\\\/schema\\\/logo\\\/image\\\/\"},\"sameAs\":[\"https:\\\/\\\/www.facebook.com\\\/seenland\",\"https:\\\/\\\/www.instagram.com\\\/salzburgerseenland\\\/\",\"https:\\\/\\\/www.youtube.com\\\/channel\\\/UCVEHCdkLG4WY7KMq8fS1XnQ\"]},{\"@type\":\"Person\",\"@id\":\"https:\\\/\\\/www.salzburger-seenland.at\\\/#\\\/schema\\\/person\\\/e5992a0bb1e248252101dfc2076f1834\",\"name\":\"Manuela Bacher\"}]}<\/script>\n<!-- \/ Yoast SEO plugin. -->","yoast_head_json":{"title":"fahr(T)raum Guided tour - Salzburg Seenland","description":"Exclusive guided tours of the fahr(T)raum open the door to the exciting world of the beginnings of automobile construction and historic aircraft. Ferdinand Porsche was an incomparable pioneer of his time. His grandson Ernst Pi\u00ebch documents his grandfather's impressive work in the fahr(T)raum world of experience.","robots":{"index":"index","follow":"follow","max-snippet":"max-snippet:-1","max-image-preview":"max-image-preview:large","max-video-preview":"max-video-preview:-1"},"canonical":"https:\/\/www.salzburger-seenland.at\/en\/offers\/driving-space-guidance\/","og_locale":"en_GB","og_type":"article","og_title":"fahr(T)raum F\u00fchrung - Salzburger Seenland","og_description":"Exklusive F\u00fchrungen durch den fahr(T)raum \u00f6ffnen das Tor in die spannende Welt der Anf\u00e4nge des Automobilbaus und historischer Flugzeuge. Ferdinand Porsche war ein unvergleichlicher Pionier seiner Zeit. Sein Enkelsohn Ernst Pi\u00ebch dokumentiert das beeindruckende Schaffen seines Gro\u00dfvaters in der Erlebniswelt fahr(T)raum.","og_url":"https:\/\/www.salzburger-seenland.at\/en\/offers\/driving-space-guidance\/","og_site_name":"Salzburger Seenland","article_publisher":"https:\/\/www.facebook.com\/seenland","article_published_time":"2023-05-19T08:46:26+00:00","article_modified_time":"2025-04-01T18:30:01+00:00","og_image":[{"width":2560,"height":1906,"url":"https:\/\/www.salzburger-seenland.at\/wp-content\/uploads\/2023\/05\/fahr_T_raum-Busgaeste-ebihara-photography_01-scaled.jpg","type":"image\/jpeg"}],"author":"Manuela Bacher","twitter_card":"summary_large_image","twitter_misc":{"Written by":"Manuela Bacher","Estimated reading time":"2 minutes"},"schema":{"@context":"https:\/\/schema.org","@graph":[{"@type":"Article","@id":"https:\/\/www.salzburger-seenland.at\/pauschalen\/fahrtraum-fuehrung#article","isPartOf":{"@id":"https:\/\/www.salzburger-seenland.at\/pauschalen\/fahrtraum-fuehrung"},"author":{"name":"Manuela Bacher","@id":"https:\/\/www.salzburger-seenland.at\/#\/schema\/person\/e5992a0bb1e248252101dfc2076f1834"},"headline":"fahr(T)raum F\u00fchrung","datePublished":"2023-05-19T08:46:26+00:00","dateModified":"2025-04-01T18:30:01+00:00","mainEntityOfPage":{"@id":"https:\/\/www.salzburger-seenland.at\/pauschalen\/fahrtraum-fuehrung"},"wordCount":5,"publisher":{"@id":"https:\/\/www.salzburger-seenland.at\/#organization"},"image":{"@id":"https:\/\/www.salzburger-seenland.at\/pauschalen\/fahrtraum-fuehrung#primaryimage"},"thumbnailUrl":"https:\/\/www.salzburger-seenland.at\/wp-content\/uploads\/2023\/05\/fahr_T_raum-Busgaeste-ebihara-photography_01-scaled.jpg","articleSection":["Angebote"],"inLanguage":"en-GB"},{"@type":"WebPage","@id":"https:\/\/www.salzburger-seenland.at\/pauschalen\/fahrtraum-fuehrung","url":"https:\/\/www.salzburger-seenland.at\/pauschalen\/fahrtraum-fuehrung","name":"fahr(T)raum Guided tour - Salzburg Seenland","isPartOf":{"@id":"https:\/\/www.salzburger-seenland.at\/#website"},"primaryImageOfPage":{"@id":"https:\/\/www.salzburger-seenland.at\/pauschalen\/fahrtraum-fuehrung#primaryimage"},"image":{"@id":"https:\/\/www.salzburger-seenland.at\/pauschalen\/fahrtraum-fuehrung#primaryimage"},"thumbnailUrl":"https:\/\/www.salzburger-seenland.at\/wp-content\/uploads\/2023\/05\/fahr_T_raum-Busgaeste-ebihara-photography_01-scaled.jpg","datePublished":"2023-05-19T08:46:26+00:00","dateModified":"2025-04-01T18:30:01+00:00","description":"Exclusive guided tours of the fahr(T)raum open the door to the exciting world of the beginnings of automobile construction and historic aircraft. Ferdinand Porsche was an incomparable pioneer of his time. His grandson Ernst Pi\u00ebch documents his grandfather's impressive work in the fahr(T)raum world of experience.","breadcrumb":{"@id":"https:\/\/www.salzburger-seenland.at\/pauschalen\/fahrtraum-fuehrung#breadcrumb"},"inLanguage":"en-GB","potentialAction":[{"@type":"ReadAction","target":["https:\/\/www.salzburger-seenland.at\/pauschalen\/fahrtraum-fuehrung"]}]},{"@type":"ImageObject","inLanguage":"en-GB","@id":"https:\/\/www.salzburger-seenland.at\/pauschalen\/fahrtraum-fuehrung#primaryimage","url":"https:\/\/www.salzburger-seenland.at\/wp-content\/uploads\/2023\/05\/fahr_T_raum-Busgaeste-ebihara-photography_01-scaled.jpg","contentUrl":"https:\/\/www.salzburger-seenland.at\/wp-content\/uploads\/2023\/05\/fahr_T_raum-Busgaeste-ebihara-photography_01-scaled.jpg","width":2560,"height":1906,"caption":"ahr_T_raum-Busgaeste-ebihara-photography_01"},{"@type":"BreadcrumbList","@id":"https:\/\/www.salzburger-seenland.at\/pauschalen\/fahrtraum-fuehrung#breadcrumb","itemListElement":[{"@type":"ListItem","position":1,"name":"Startseite","item":"https:\/\/www.salzburger-seenland.at\/"},{"@type":"ListItem","position":2,"name":"fahr(T)raum F\u00fchrung"}]},{"@type":"WebSite","@id":"https:\/\/www.salzburger-seenland.at\/#website","url":"https:\/\/www.salzburger-seenland.at\/","name":"Salzburg Seenland","description":"immerse experience enjoy","publisher":{"@id":"https:\/\/www.salzburger-seenland.at\/#organization"},"potentialAction":[{"@type":"SearchAction","target":{"@type":"EntryPoint","urlTemplate":"https:\/\/www.salzburger-seenland.at\/?s={search_term_string}"},"query-input":{"@type":"PropertyValueSpecification","valueRequired":true,"valueName":"search_term_string"}}],"inLanguage":"en-GB"},{"@type":"Organization","@id":"https:\/\/www.salzburger-seenland.at\/#organization","name":"Seenland Tourism Ltd.","alternateName":"Salzburger Seenland","url":"https:\/\/www.salzburger-seenland.at\/","logo":{"@type":"ImageObject","inLanguage":"en-GB","@id":"https:\/\/www.salzburger-seenland.at\/#\/schema\/logo\/image\/","url":"https:\/\/www.salzburger-seenland.at\/wp-content\/uploads\/2023\/05\/salzburger-seenland_logo_rund_696x696.png","contentUrl":"https:\/\/www.salzburger-seenland.at\/wp-content\/uploads\/2023\/05\/salzburger-seenland_logo_rund_696x696.png","width":696,"height":696,"caption":"Seenland Tourismus GmbH"},"image":{"@id":"https:\/\/www.salzburger-seenland.at\/#\/schema\/logo\/image\/"},"sameAs":["https:\/\/www.facebook.com\/seenland","https:\/\/www.instagram.com\/salzburgerseenland\/","https:\/\/www.youtube.com\/channel\/UCVEHCdkLG4WY7KMq8fS1XnQ"]},{"@type":"Person","@id":"https:\/\/www.salzburger-seenland.at\/#\/schema\/person\/e5992a0bb1e248252101dfc2076f1834","name":"Manuela Bacher"}]}},"_links":{"self":[{"href":"https:\/\/www.salzburger-seenland.at\/en\/wp-json\/wp\/v2\/posts\/2844","targetHints":{"allow":["GET"]}}],"collection":[{"href":"https:\/\/www.salzburger-seenland.at\/en\/wp-json\/wp\/v2\/posts"}],"about":[{"href":"https:\/\/www.salzburger-seenland.at\/en\/wp-json\/wp\/v2\/types\/post"}],"author":[{"embeddable":true,"href":"https:\/\/www.salzburger-seenland.at\/en\/wp-json\/wp\/v2\/users\/2"}],"replies":[{"embeddable":true,"href":"https:\/\/www.salzburger-seenland.at\/en\/wp-json\/wp\/v2\/comments?post=2844"}],"version-history":[{"count":3,"href":"https:\/\/www.salzburger-seenland.at\/en\/wp-json\/wp\/v2\/posts\/2844\/revisions"}],"predecessor-version":[{"id":7427,"href":"https:\/\/www.salzburger-seenland.at\/en\/wp-json\/wp\/v2\/posts\/2844\/revisions\/7427"}],"wp:featuredmedia":[{"embeddable":true,"href":"https:\/\/www.salzburger-seenland.at\/en\/wp-json\/wp\/v2\/media\/2848"}],"wp:attachment":[{"href":"https:\/\/www.salzburger-seenland.at\/en\/wp-json\/wp\/v2\/media?parent=2844"}],"wp:term":[{"taxonomy":"category","embeddable":true,"href":"https:\/\/www.salzburger-seenland.at\/en\/wp-json\/wp\/v2\/categories?post=2844"},{"taxonomy":"post_tag","embeddable":true,"href":"https:\/\/www.salzburger-seenland.at\/en\/wp-json\/wp\/v2\/tags?post=2844"}],"curies":[{"name":"wp","href":"https:\/\/api.w.org\/{rel}","templated":true}]}}