{"id":7570,"date":"2025-04-16T15:50:38","date_gmt":"2025-04-16T13:50:38","guid":{"rendered":"https:\/\/www.salzburger-seenland.at\/?p=7570"},"modified":"2025-06-12T13:38:04","modified_gmt":"2025-06-12T11:38:04","slug":"111-jahre-logl-mattsee","status":"publish","type":"post","link":"https:\/\/www.salzburger-seenland.at\/en\/lake-district-highlights\/111-years-logl-mattsee","title":{"rendered":"111 years of L\u00f6gl Mattsee"},"content":{"rendered":"<div class=\"lazyblock-zweifarbige-uberschrift-Z25hGRl wp-block-lazyblock-zweifarbige-uberschrift\"><div class=\"container\">\n  <h2 class=\"duo-heading alignleft\">\n  111 years \n  <br>\n  <span class=\"after-color\">L\u00f6gl Mattsee<\/span>\n<\/h2>\n<div style=\"clear:both;\"><\/div>\n<\/div><\/div>\n\n\n<p><span class=\"material-symbols-rounded sicon contact-icon\">pin_drop<\/span><strong>L\u00f6gl home &amp; kitchen appliances<\/strong>Michael F\u00fcrst, Passauer Stra\u00dfe 6, 5163 Mattsee<\/p>\n\n\n\n<div class=\"wp-block-columns is-layout-flex wp-container-core-columns-is-layout-28f84493 wp-block-columns-is-layout-flex\">\n<div class=\"wp-block-column is-layout-flow wp-block-column-is-layout-flow\" style=\"flex-basis:66.66%\">\n<div class=\"wp-block-cover is-light\"><img loading=\"lazy\" decoding=\"async\" width=\"1024\" height=\"676\" class=\"wp-block-cover__image-background wp-image-7926 size-large\" alt=\"\" src=\"https:\/\/www.salzburger-seenland.at\/wp-content\/uploads\/2025\/05\/481237888_1246282953893526_8592764763340240884_n-scaled-e1747216077962-1024x676.jpg\" data-object-fit=\"cover\" srcset=\"https:\/\/www.salzburger-seenland.at\/wp-content\/uploads\/2025\/05\/481237888_1246282953893526_8592764763340240884_n-scaled-e1747216077962-1024x676.jpg 1024w, https:\/\/www.salzburger-seenland.at\/wp-content\/uploads\/2025\/05\/481237888_1246282953893526_8592764763340240884_n-scaled-e1747216077962-300x198.jpg 300w, https:\/\/www.salzburger-seenland.at\/wp-content\/uploads\/2025\/05\/481237888_1246282953893526_8592764763340240884_n-scaled-e1747216077962-768x507.jpg 768w, https:\/\/www.salzburger-seenland.at\/wp-content\/uploads\/2025\/05\/481237888_1246282953893526_8592764763340240884_n-scaled-e1747216077962-1536x1014.jpg 1536w, https:\/\/www.salzburger-seenland.at\/wp-content\/uploads\/2025\/05\/481237888_1246282953893526_8592764763340240884_n-scaled-e1747216077962-18x12.jpg 18w, https:\/\/www.salzburger-seenland.at\/wp-content\/uploads\/2025\/05\/481237888_1246282953893526_8592764763340240884_n-scaled-e1747216077962-350x231.jpg 350w, https:\/\/www.salzburger-seenland.at\/wp-content\/uploads\/2025\/05\/481237888_1246282953893526_8592764763340240884_n-scaled-e1747216077962.jpg 1835w\" sizes=\"auto, (max-width: 1024px) 100vw, 1024px\" \/><span aria-hidden=\"true\" class=\"wp-block-cover__background has-background-dim-0 has-background-dim\"><\/span><div class=\"wp-block-cover__inner-container is-layout-constrained wp-block-cover-is-layout-constrained\">\n<p class=\"has-text-align-center has-large-font-size\"><\/p>\n<\/div><\/div>\n<\/div>\n\n\n\n<div class=\"wp-block-column is-layout-flow wp-block-column-is-layout-flow\" style=\"flex-basis:33.33%\">\n<div class=\"wp-block-cover\"><img loading=\"lazy\" decoding=\"async\" width=\"500\" height=\"500\" class=\"wp-block-cover__image-background wp-image-7573\" alt=\"\" src=\"https:\/\/www.salzburger-seenland.at\/wp-content\/uploads\/2025\/04\/Tankstelle.jpg\" style=\"object-position:56% 49%\" data-object-fit=\"cover\" data-object-position=\"56% 49%\" srcset=\"https:\/\/www.salzburger-seenland.at\/wp-content\/uploads\/2025\/04\/Tankstelle.jpg 500w, https:\/\/www.salzburger-seenland.at\/wp-content\/uploads\/2025\/04\/Tankstelle-300x300.jpg 300w, https:\/\/www.salzburger-seenland.at\/wp-content\/uploads\/2025\/04\/Tankstelle-150x150.jpg 150w, https:\/\/www.salzburger-seenland.at\/wp-content\/uploads\/2025\/04\/Tankstelle-12x12.jpg 12w\" sizes=\"auto, (max-width: 500px) 100vw, 500px\" \/><span aria-hidden=\"true\" class=\"wp-block-cover__background has-background-dim-0 has-background-dim\"><\/span><div class=\"wp-block-cover__inner-container is-layout-constrained wp-block-cover-is-layout-constrained\">\n<p class=\"has-text-align-center has-large-font-size\"><\/p>\n<\/div><\/div>\n<\/div>\n<\/div>\n\n\n\n<p>In 1914, Johann L\u00f6gl laid the foundations for his family business by acquiring a trade licence and a house in Mattsee. Together with his wife Elise, he built up the business.<br>Johann L\u00f6gl soon became known for his precision craftsmanship and innovative strength. As the electrification of the Flachgau region progressed in 1925, he recognised the signs of the times and expanded his business to include the installation of electrical systems.<\/p>\n\n\n\n<h2 class=\"wp-block-heading has-text-align-left has-light-green-color has-text-color has-link-color has-large-font-size wp-elements-1a0d49a7ca723ed4c4c5572c000dd0ff\"><strong><strong>From the petrol station to the cooking pot<\/strong><\/strong><\/h2>\n\n\n\n<p>But that was not all. The company continued to grow: in addition to electrical installations, electric cookers, saucepans and kitchen utensils were soon added to the range. In the following decades, the product range expanded continuously. A petrol station was opened for summer holidaymakers, and the shop added mopeds, bicycles and the associated accessories to its range. The versatility of the business reflected the needs of the customers and made it an important part of everyday life in the region.<\/p>\n\n\n\n<p>A significant milestone was the construction of the new business premises in 1980 and 1981, which created space for further innovations. But despite the constant change, one thing always remained the same: the close connection to the family and the preservation of tradition.<\/p>\n\n\n\n<blockquote class=\"wp-block-quote is-style-plain is-layout-flow wp-block-quote-is-layout-flow\">\n<p class=\"has-text-align-center has-large-font-size\"><em><strong>\"A stress-free shopping experience. <\/strong><\/em><br><em><strong>And there's still time for a chat too...\"<\/strong><\/em><\/p>\n\n\n\n<p class=\"has-text-align-center has-dark-grey-color has-text-color has-link-color wp-elements-df3625ba3a6150ec3e89c6e27a22e515\">~ <strong><em>Michael F\u00fcrst<\/em><\/strong><\/p>\n<\/blockquote>\n\n\n\n<div class=\"wp-block-columns is-layout-flex wp-container-core-columns-is-layout-28f84493 wp-block-columns-is-layout-flex\">\n<div class=\"wp-block-column is-vertically-aligned-center is-layout-flow wp-block-column-is-layout-flow\" style=\"flex-basis:33.33%\">\n<figure class=\"wp-block-image size-full\"><img loading=\"lazy\" decoding=\"async\" width=\"1440\" height=\"1080\" src=\"https:\/\/www.salzburger-seenland.at\/wp-content\/uploads\/2025\/05\/469238755_1283520912988736_2732992472486337439_n.jpg\" alt=\"\" class=\"wp-image-7924\" srcset=\"https:\/\/www.salzburger-seenland.at\/wp-content\/uploads\/2025\/05\/469238755_1283520912988736_2732992472486337439_n.jpg 1440w, https:\/\/www.salzburger-seenland.at\/wp-content\/uploads\/2025\/05\/469238755_1283520912988736_2732992472486337439_n-300x225.jpg 300w, https:\/\/www.salzburger-seenland.at\/wp-content\/uploads\/2025\/05\/469238755_1283520912988736_2732992472486337439_n-1024x768.jpg 1024w, https:\/\/www.salzburger-seenland.at\/wp-content\/uploads\/2025\/05\/469238755_1283520912988736_2732992472486337439_n-768x576.jpg 768w, https:\/\/www.salzburger-seenland.at\/wp-content\/uploads\/2025\/05\/469238755_1283520912988736_2732992472486337439_n-16x12.jpg 16w, https:\/\/www.salzburger-seenland.at\/wp-content\/uploads\/2025\/05\/469238755_1283520912988736_2732992472486337439_n-800x600.jpg 800w, https:\/\/www.salzburger-seenland.at\/wp-content\/uploads\/2025\/05\/469238755_1283520912988736_2732992472486337439_n-350x263.jpg 350w\" sizes=\"auto, (max-width: 1440px) 100vw, 1440px\" \/><\/figure>\n<\/div>\n\n\n\n<div class=\"wp-block-column is-vertically-aligned-center is-layout-flow wp-block-column-is-layout-flow\" style=\"flex-basis:66.66%\">\n<div class=\"wp-block-group is-nowrap is-layout-flex wp-container-core-group-is-layout-6c531013 wp-block-group-is-layout-flex\">\n<h2 class=\"wp-block-heading has-text-align-center has-light-green-color has-text-color has-link-color has-x-large-font-size wp-elements-801163e7a6310851f2556e1b19b1f606\"><strong>Specialist retailer with personalised advice&nbsp;<\/strong><\/h2>\n\n\n\n<p>Dagmar Leobacher and Michael F\u00fcrst have been running the company in the fourth generation since 2004. With respect for history and a clear view of the future, they are continuing the L\u00f6gl success story. Even after more than 100 years, the family business remains an integral part of regional economic life - rooted in the past, but always open to new challenges.<br>As a specialist retailer, they offer the appropriate advice and have access to the complete WMF range and all new products, and of course pass on promotional prices to our customers. L\u00f6gl is an important local supplier where you can not only find everything for cooking, baking, frying and serving, but also household and kitchen appliances as well as small electrical appliances from a wide range of brands - from blenders to irons. In our shop, I attach great importance to personal advice and direct dialogue with our customers.<\/p>\n<\/div>\n<\/div>\n<\/div>\n\n\n\n<p>L\u00f6gl home &amp; kitchen appliances<br>Michael F\u00fcrst<br>Passauer Street 6<br>5163 Mattsee<br><a href=\"http:\/\/www.loegl.at\">w<\/a><a href=\"http:\/\/www.loegl.at\" target=\"_blank\" rel=\"noreferrer noopener\">ww.loegl.at<\/a><\/p>","protected":false},"excerpt":{"rendered":"<p>In 1914, Johann L\u00f6gl laid the foundations for his family business by acquiring a trade licence and a house in Mattsee<\/p>","protected":false},"author":3,"featured_media":7925,"comment_status":"closed","ping_status":"closed","sticky":false,"template":"","format":"standard","meta":{"footnotes":""},"categories":[42,41,1,46],"tags":[],"class_list":["post-7570","post","type-post","status-publish","format-standard","has-post-thumbnail","hentry","category-erlebnisse","category-stories","category-seenland-highlights","category-originale"],"yoast_head":"<!-- This site is optimized with the Yoast SEO plugin v27.5 - https:\/\/yoast.com\/product\/yoast-seo-wordpress\/ -->\n<title>111 Jahre L\u00f6gl Mattsee - Salzburger Seenland<\/title>\n<meta name=\"robots\" content=\"index, follow, max-snippet:-1, max-image-preview:large, max-video-preview:-1\" \/>\n<link rel=\"canonical\" href=\"https:\/\/www.salzburger-seenland.at\/en\/lake-district-highlights\/111-years-logl-mattsee\/\" \/>\n<meta property=\"og:locale\" content=\"en_GB\" \/>\n<meta property=\"og:type\" content=\"article\" \/>\n<meta property=\"og:title\" content=\"111 Jahre L\u00f6gl Mattsee - Salzburger Seenland\" \/>\n<meta property=\"og:description\" content=\"Im Jahr 1914 legte Johann L\u00f6gl mit dem Erwerb eines Gewerbescheins und eines Hauses in Mattsee den Grundstein f\u00fcr sein Familienunternehmen\" \/>\n<meta property=\"og:url\" content=\"https:\/\/www.salzburger-seenland.at\/en\/lake-district-highlights\/111-years-logl-mattsee\/\" \/>\n<meta property=\"og:site_name\" content=\"Salzburger Seenland\" \/>\n<meta property=\"article:publisher\" content=\"https:\/\/www.facebook.com\/seenland\" \/>\n<meta property=\"article:published_time\" content=\"2025-04-16T13:50:38+00:00\" \/>\n<meta property=\"article:modified_time\" content=\"2025-06-12T11:38:04+00:00\" \/>\n<meta property=\"og:image\" content=\"https:\/\/www.salzburger-seenland.at\/wp-content\/uploads\/2025\/05\/474952556_1318164532857707_6817717437979805887_n-e1747216236853.jpg\" \/>\n\t<meta property=\"og:image:width\" content=\"1536\" \/>\n\t<meta property=\"og:image:height\" content=\"1206\" \/>\n\t<meta property=\"og:image:type\" content=\"image\/jpeg\" \/>\n<meta name=\"author\" content=\"Johanna Hemetsberger\" \/>\n<meta name=\"twitter:card\" content=\"summary_large_image\" \/>\n<meta name=\"twitter:label1\" content=\"Written by\" \/>\n\t<meta name=\"twitter:data1\" content=\"Johanna Hemetsberger\" \/>\n\t<meta name=\"twitter:label2\" content=\"Estimated reading time\" \/>\n\t<meta name=\"twitter:data2\" content=\"3 minutes\" \/>\n<script type=\"application\/ld+json\" class=\"yoast-schema-graph\">{\"@context\":\"https:\\\/\\\/schema.org\",\"@graph\":[{\"@type\":\"Article\",\"@id\":\"https:\\\/\\\/www.salzburger-seenland.at\\\/seenland-highlights\\\/111-jahre-logl-mattsee#article\",\"isPartOf\":{\"@id\":\"https:\\\/\\\/www.salzburger-seenland.at\\\/seenland-highlights\\\/111-jahre-logl-mattsee\"},\"author\":{\"name\":\"Johanna Hemetsberger\",\"@id\":\"https:\\\/\\\/www.salzburger-seenland.at\\\/#\\\/schema\\\/person\\\/5a88fc98bbcd5f15bde318a7a2b1deca\"},\"headline\":\"111 Jahre L\u00f6gl Mattsee\",\"datePublished\":\"2025-04-16T13:50:38+00:00\",\"dateModified\":\"2025-06-12T11:38:04+00:00\",\"mainEntityOfPage\":{\"@id\":\"https:\\\/\\\/www.salzburger-seenland.at\\\/seenland-highlights\\\/111-jahre-logl-mattsee\"},\"wordCount\":401,\"publisher\":{\"@id\":\"https:\\\/\\\/www.salzburger-seenland.at\\\/#organization\"},\"image\":{\"@id\":\"https:\\\/\\\/www.salzburger-seenland.at\\\/seenland-highlights\\\/111-jahre-logl-mattsee#primaryimage\"},\"thumbnailUrl\":\"https:\\\/\\\/www.salzburger-seenland.at\\\/wp-content\\\/uploads\\\/2025\\\/05\\\/474952556_1318164532857707_6817717437979805887_n-e1747216236853.jpg\",\"articleSection\":[\"Erleben &amp; Entdecken\",\"Geschichten\",\"Highlight\",\"Seenland Original\"],\"inLanguage\":\"en-GB\"},{\"@type\":\"WebPage\",\"@id\":\"https:\\\/\\\/www.salzburger-seenland.at\\\/seenland-highlights\\\/111-jahre-logl-mattsee\",\"url\":\"https:\\\/\\\/www.salzburger-seenland.at\\\/seenland-highlights\\\/111-jahre-logl-mattsee\",\"name\":\"111 Jahre L\u00f6gl Mattsee - Salzburger Seenland\",\"isPartOf\":{\"@id\":\"https:\\\/\\\/www.salzburger-seenland.at\\\/#website\"},\"primaryImageOfPage\":{\"@id\":\"https:\\\/\\\/www.salzburger-seenland.at\\\/seenland-highlights\\\/111-jahre-logl-mattsee#primaryimage\"},\"image\":{\"@id\":\"https:\\\/\\\/www.salzburger-seenland.at\\\/seenland-highlights\\\/111-jahre-logl-mattsee#primaryimage\"},\"thumbnailUrl\":\"https:\\\/\\\/www.salzburger-seenland.at\\\/wp-content\\\/uploads\\\/2025\\\/05\\\/474952556_1318164532857707_6817717437979805887_n-e1747216236853.jpg\",\"datePublished\":\"2025-04-16T13:50:38+00:00\",\"dateModified\":\"2025-06-12T11:38:04+00:00\",\"breadcrumb\":{\"@id\":\"https:\\\/\\\/www.salzburger-seenland.at\\\/seenland-highlights\\\/111-jahre-logl-mattsee#breadcrumb\"},\"inLanguage\":\"en-GB\",\"potentialAction\":[{\"@type\":\"ReadAction\",\"target\":[\"https:\\\/\\\/www.salzburger-seenland.at\\\/seenland-highlights\\\/111-jahre-logl-mattsee\"]}]},{\"@type\":\"ImageObject\",\"inLanguage\":\"en-GB\",\"@id\":\"https:\\\/\\\/www.salzburger-seenland.at\\\/seenland-highlights\\\/111-jahre-logl-mattsee#primaryimage\",\"url\":\"https:\\\/\\\/www.salzburger-seenland.at\\\/wp-content\\\/uploads\\\/2025\\\/05\\\/474952556_1318164532857707_6817717437979805887_n-e1747216236853.jpg\",\"contentUrl\":\"https:\\\/\\\/www.salzburger-seenland.at\\\/wp-content\\\/uploads\\\/2025\\\/05\\\/474952556_1318164532857707_6817717437979805887_n-e1747216236853.jpg\",\"width\":1536,\"height\":1206},{\"@type\":\"BreadcrumbList\",\"@id\":\"https:\\\/\\\/www.salzburger-seenland.at\\\/seenland-highlights\\\/111-jahre-logl-mattsee#breadcrumb\",\"itemListElement\":[{\"@type\":\"ListItem\",\"position\":1,\"name\":\"Startseite\",\"item\":\"https:\\\/\\\/www.salzburger-seenland.at\\\/\"},{\"@type\":\"ListItem\",\"position\":2,\"name\":\"111 Jahre L\u00f6gl Mattsee\"}]},{\"@type\":\"WebSite\",\"@id\":\"https:\\\/\\\/www.salzburger-seenland.at\\\/#website\",\"url\":\"https:\\\/\\\/www.salzburger-seenland.at\\\/\",\"name\":\"Salzburger Seenland\",\"description\":\"eintauchen erleben genie\u00dfen\",\"publisher\":{\"@id\":\"https:\\\/\\\/www.salzburger-seenland.at\\\/#organization\"},\"potentialAction\":[{\"@type\":\"SearchAction\",\"target\":{\"@type\":\"EntryPoint\",\"urlTemplate\":\"https:\\\/\\\/www.salzburger-seenland.at\\\/?s={search_term_string}\"},\"query-input\":{\"@type\":\"PropertyValueSpecification\",\"valueRequired\":true,\"valueName\":\"search_term_string\"}}],\"inLanguage\":\"en-GB\"},{\"@type\":\"Organization\",\"@id\":\"https:\\\/\\\/www.salzburger-seenland.at\\\/#organization\",\"name\":\"Seenland Tourismus GmbH\",\"alternateName\":\"Salzburger Seenland\",\"url\":\"https:\\\/\\\/www.salzburger-seenland.at\\\/\",\"logo\":{\"@type\":\"ImageObject\",\"inLanguage\":\"en-GB\",\"@id\":\"https:\\\/\\\/www.salzburger-seenland.at\\\/#\\\/schema\\\/logo\\\/image\\\/\",\"url\":\"https:\\\/\\\/www.salzburger-seenland.at\\\/wp-content\\\/uploads\\\/2023\\\/05\\\/salzburger-seenland_logo_rund_696x696.png\",\"contentUrl\":\"https:\\\/\\\/www.salzburger-seenland.at\\\/wp-content\\\/uploads\\\/2023\\\/05\\\/salzburger-seenland_logo_rund_696x696.png\",\"width\":696,\"height\":696,\"caption\":\"Seenland Tourismus GmbH\"},\"image\":{\"@id\":\"https:\\\/\\\/www.salzburger-seenland.at\\\/#\\\/schema\\\/logo\\\/image\\\/\"},\"sameAs\":[\"https:\\\/\\\/www.facebook.com\\\/seenland\",\"https:\\\/\\\/www.instagram.com\\\/salzburgerseenland\\\/\",\"https:\\\/\\\/www.youtube.com\\\/channel\\\/UCVEHCdkLG4WY7KMq8fS1XnQ\"]},{\"@type\":\"Person\",\"@id\":\"https:\\\/\\\/www.salzburger-seenland.at\\\/#\\\/schema\\\/person\\\/5a88fc98bbcd5f15bde318a7a2b1deca\",\"name\":\"Johanna Hemetsberger\"}]}<\/script>\n<!-- \/ Yoast SEO plugin. -->","yoast_head_json":{"title":"111 years of L\u00f6gl Mattsee - Salzburger Seenland","robots":{"index":"index","follow":"follow","max-snippet":"max-snippet:-1","max-image-preview":"max-image-preview:large","max-video-preview":"max-video-preview:-1"},"canonical":"https:\/\/www.salzburger-seenland.at\/en\/lake-district-highlights\/111-years-logl-mattsee\/","og_locale":"en_GB","og_type":"article","og_title":"111 Jahre L\u00f6gl Mattsee - Salzburger Seenland","og_description":"Im Jahr 1914 legte Johann L\u00f6gl mit dem Erwerb eines Gewerbescheins und eines Hauses in Mattsee den Grundstein f\u00fcr sein Familienunternehmen","og_url":"https:\/\/www.salzburger-seenland.at\/en\/lake-district-highlights\/111-years-logl-mattsee\/","og_site_name":"Salzburger Seenland","article_publisher":"https:\/\/www.facebook.com\/seenland","article_published_time":"2025-04-16T13:50:38+00:00","article_modified_time":"2025-06-12T11:38:04+00:00","og_image":[{"width":1536,"height":1206,"url":"https:\/\/www.salzburger-seenland.at\/wp-content\/uploads\/2025\/05\/474952556_1318164532857707_6817717437979805887_n-e1747216236853.jpg","type":"image\/jpeg"}],"author":"Johanna Hemetsberger","twitter_card":"summary_large_image","twitter_misc":{"Written by":"Johanna Hemetsberger","Estimated reading time":"3 minutes"},"schema":{"@context":"https:\/\/schema.org","@graph":[{"@type":"Article","@id":"https:\/\/www.salzburger-seenland.at\/seenland-highlights\/111-jahre-logl-mattsee#article","isPartOf":{"@id":"https:\/\/www.salzburger-seenland.at\/seenland-highlights\/111-jahre-logl-mattsee"},"author":{"name":"Johanna Hemetsberger","@id":"https:\/\/www.salzburger-seenland.at\/#\/schema\/person\/5a88fc98bbcd5f15bde318a7a2b1deca"},"headline":"111 Jahre L\u00f6gl Mattsee","datePublished":"2025-04-16T13:50:38+00:00","dateModified":"2025-06-12T11:38:04+00:00","mainEntityOfPage":{"@id":"https:\/\/www.salzburger-seenland.at\/seenland-highlights\/111-jahre-logl-mattsee"},"wordCount":401,"publisher":{"@id":"https:\/\/www.salzburger-seenland.at\/#organization"},"image":{"@id":"https:\/\/www.salzburger-seenland.at\/seenland-highlights\/111-jahre-logl-mattsee#primaryimage"},"thumbnailUrl":"https:\/\/www.salzburger-seenland.at\/wp-content\/uploads\/2025\/05\/474952556_1318164532857707_6817717437979805887_n-e1747216236853.jpg","articleSection":["Erleben &amp; Entdecken","Geschichten","Highlight","Seenland Original"],"inLanguage":"en-GB"},{"@type":"WebPage","@id":"https:\/\/www.salzburger-seenland.at\/seenland-highlights\/111-jahre-logl-mattsee","url":"https:\/\/www.salzburger-seenland.at\/seenland-highlights\/111-jahre-logl-mattsee","name":"111 years of L\u00f6gl Mattsee - Salzburger Seenland","isPartOf":{"@id":"https:\/\/www.salzburger-seenland.at\/#website"},"primaryImageOfPage":{"@id":"https:\/\/www.salzburger-seenland.at\/seenland-highlights\/111-jahre-logl-mattsee#primaryimage"},"image":{"@id":"https:\/\/www.salzburger-seenland.at\/seenland-highlights\/111-jahre-logl-mattsee#primaryimage"},"thumbnailUrl":"https:\/\/www.salzburger-seenland.at\/wp-content\/uploads\/2025\/05\/474952556_1318164532857707_6817717437979805887_n-e1747216236853.jpg","datePublished":"2025-04-16T13:50:38+00:00","dateModified":"2025-06-12T11:38:04+00:00","breadcrumb":{"@id":"https:\/\/www.salzburger-seenland.at\/seenland-highlights\/111-jahre-logl-mattsee#breadcrumb"},"inLanguage":"en-GB","potentialAction":[{"@type":"ReadAction","target":["https:\/\/www.salzburger-seenland.at\/seenland-highlights\/111-jahre-logl-mattsee"]}]},{"@type":"ImageObject","inLanguage":"en-GB","@id":"https:\/\/www.salzburger-seenland.at\/seenland-highlights\/111-jahre-logl-mattsee#primaryimage","url":"https:\/\/www.salzburger-seenland.at\/wp-content\/uploads\/2025\/05\/474952556_1318164532857707_6817717437979805887_n-e1747216236853.jpg","contentUrl":"https:\/\/www.salzburger-seenland.at\/wp-content\/uploads\/2025\/05\/474952556_1318164532857707_6817717437979805887_n-e1747216236853.jpg","width":1536,"height":1206},{"@type":"BreadcrumbList","@id":"https:\/\/www.salzburger-seenland.at\/seenland-highlights\/111-jahre-logl-mattsee#breadcrumb","itemListElement":[{"@type":"ListItem","position":1,"name":"Startseite","item":"https:\/\/www.salzburger-seenland.at\/"},{"@type":"ListItem","position":2,"name":"111 Jahre L\u00f6gl Mattsee"}]},{"@type":"WebSite","@id":"https:\/\/www.salzburger-seenland.at\/#website","url":"https:\/\/www.salzburger-seenland.at\/","name":"Salzburg Seenland","description":"immerse experience enjoy","publisher":{"@id":"https:\/\/www.salzburger-seenland.at\/#organization"},"potentialAction":[{"@type":"SearchAction","target":{"@type":"EntryPoint","urlTemplate":"https:\/\/www.salzburger-seenland.at\/?s={search_term_string}"},"query-input":{"@type":"PropertyValueSpecification","valueRequired":true,"valueName":"search_term_string"}}],"inLanguage":"en-GB"},{"@type":"Organization","@id":"https:\/\/www.salzburger-seenland.at\/#organization","name":"Seenland Tourism Ltd.","alternateName":"Salzburger Seenland","url":"https:\/\/www.salzburger-seenland.at\/","logo":{"@type":"ImageObject","inLanguage":"en-GB","@id":"https:\/\/www.salzburger-seenland.at\/#\/schema\/logo\/image\/","url":"https:\/\/www.salzburger-seenland.at\/wp-content\/uploads\/2023\/05\/salzburger-seenland_logo_rund_696x696.png","contentUrl":"https:\/\/www.salzburger-seenland.at\/wp-content\/uploads\/2023\/05\/salzburger-seenland_logo_rund_696x696.png","width":696,"height":696,"caption":"Seenland Tourismus GmbH"},"image":{"@id":"https:\/\/www.salzburger-seenland.at\/#\/schema\/logo\/image\/"},"sameAs":["https:\/\/www.facebook.com\/seenland","https:\/\/www.instagram.com\/salzburgerseenland\/","https:\/\/www.youtube.com\/channel\/UCVEHCdkLG4WY7KMq8fS1XnQ"]},{"@type":"Person","@id":"https:\/\/www.salzburger-seenland.at\/#\/schema\/person\/5a88fc98bbcd5f15bde318a7a2b1deca","name":"Johanna Hemetsberger"}]}},"_links":{"self":[{"href":"https:\/\/www.salzburger-seenland.at\/en\/wp-json\/wp\/v2\/posts\/7570","targetHints":{"allow":["GET"]}}],"collection":[{"href":"https:\/\/www.salzburger-seenland.at\/en\/wp-json\/wp\/v2\/posts"}],"about":[{"href":"https:\/\/www.salzburger-seenland.at\/en\/wp-json\/wp\/v2\/types\/post"}],"author":[{"embeddable":true,"href":"https:\/\/www.salzburger-seenland.at\/en\/wp-json\/wp\/v2\/users\/3"}],"replies":[{"embeddable":true,"href":"https:\/\/www.salzburger-seenland.at\/en\/wp-json\/wp\/v2\/comments?post=7570"}],"version-history":[{"count":5,"href":"https:\/\/www.salzburger-seenland.at\/en\/wp-json\/wp\/v2\/posts\/7570\/revisions"}],"predecessor-version":[{"id":8120,"href":"https:\/\/www.salzburger-seenland.at\/en\/wp-json\/wp\/v2\/posts\/7570\/revisions\/8120"}],"wp:featuredmedia":[{"embeddable":true,"href":"https:\/\/www.salzburger-seenland.at\/en\/wp-json\/wp\/v2\/media\/7925"}],"wp:attachment":[{"href":"https:\/\/www.salzburger-seenland.at\/en\/wp-json\/wp\/v2\/media?parent=7570"}],"wp:term":[{"taxonomy":"category","embeddable":true,"href":"https:\/\/www.salzburger-seenland.at\/en\/wp-json\/wp\/v2\/categories?post=7570"},{"taxonomy":"post_tag","embeddable":true,"href":"https:\/\/www.salzburger-seenland.at\/en\/wp-json\/wp\/v2\/tags?post=7570"}],"curies":[{"name":"wp","href":"https:\/\/api.w.org\/{rel}","templated":true}]}}